{"id":523,"date":"2026-02-09T11:59:14","date_gmt":"2026-02-09T10:59:14","guid":{"rendered":"https:\/\/sites.ensfea.fr\/reflexanim\/?p=523"},"modified":"2026-02-09T13:01:23","modified_gmt":"2026-02-09T12:01:23","slug":"forum-alesa-2025-2026","status":"publish","type":"post","link":"https:\/\/sites.ensfea.fr\/reflexanim\/2026\/02\/09\/forum-alesa-2025-2026\/","title":{"rendered":"Forum ALESA 2025-2026"},"content":{"rendered":"\n<p><strong>Des forum r\u00e9gionaux et un forum national.<\/strong><\/p>\n\n\n\n<p><strong>La mise en relation des ALESA se construit petit \u00e0 petit. Dynamiser la vie associative, constituer des parcours d&rsquo;engagement, favoriser les \u00e9changes directs entre jeunes \u00e9lu.e.s , tels sont les objectifs de cette action initi\u00e9e par la DGER et mise en \u0153uvre par le r\u00e9seau CMA (Cultures, M\u00e9dias, Associations) et l&rsquo;ENSFEA.<\/strong><\/p>\n\n\n\n<p>Au final des propositions issues des forums r\u00e9gionaux et synth\u00e9tis\u00e9es pendant le Forum national des ALESA \u00e0 Brest :<\/p>\n\n\n\n<ul class=\"wp-block-list\">\n<li><strong>Garder le contact<\/strong> entre \u00e9lu.e.s partager sur les r\u00e9seaux sociaux, des id\u00e9es, des traces d\u2019activit\u00e9, prendre des nouvelles, &#8230;<\/li>\n\n\n\n<li><strong>\u00c9change de pratiques<\/strong> sous forme d\u2019atelier en pr\u00e9sentiel. A distance. Sur des th\u00e8mes pr\u00e9cis par exemple comment fabriquer des si\u00e8ges en palette pour le foyer, comment g\u00e9rer le bar, comment organiser une friperie \u2026<\/li>\n\n\n\n<li><strong>Organiser une a<\/strong><strong>ctivit\u00e9 en commun<\/strong>, se retrouver \u00e0 un concert, \u00e0 la patinoire, un week-end VTT Camping, organiser une f\u00eate commune&#8230;<\/li>\n\n\n\n<li><strong>Organiser des rencontres inspirantes,<\/strong> Tiers lieu, M\u00e9dias locaux, Responsables d\u2019association, Fablab, &#8230;<\/li>\n\n\n\n<li><strong>Communiquer<\/strong>, faire des affiches, des slogans, profiter des JPO et des m\u00e9dias existant dans l\u2019\u00e9tablissement, favoriser le bouche \u00e0 oreille par des restitutions publiques, faire vivre des instances ouvertes aux adh\u00e9rent.e.s, \u2026 Cr\u00e9er une radio ALESA<\/li>\n<\/ul>\n\n\n\n<p class=\"has-black-color has-text-color has-link-color wp-elements-107d74923edd485104d856ac59428303\" style=\"font-style:normal;font-weight:600\">A Brest, pendant le festival Longueur d&rsquo;ondes, les repr\u00e9sentant.e.s des ALESA ont enregistr\u00e9 une \u00e9mission qu&rsquo;iels avaient commenc\u00e9 \u00e0 pr\u00e9parer \u00e0 distance avec Pauline Maucort (France Culture). Habiter son lyc\u00e9e est le titre de cette \u00e9mission enregistr\u00e9e en public devant un public lyc\u00e9en.<\/p>\n\n\n\n<div class=\"wp-block-columns is-layout-flex wp-container-core-columns-is-layout-9d6595d7 wp-block-columns-is-layout-flex\">\n<div class=\"wp-block-column is-layout-flow wp-block-column-is-layout-flow\" style=\"flex-basis:100%\">\n<figure class=\"wp-block-image is-resized size-full\"><a href=\"https:\/\/audioblog.arteradio.com\/blog\/268489\/podcast\/268510\/habiter-son-lycee\" target=\"_blank\" rel=\"Ecouter\"><img loading=\"lazy\" decoding=\"async\" width=\"799\" height=\"746\" src=\"https:\/\/sites.ensfea.fr\/reflexanim\/wp-content\/uploads\/sites\/24\/2026\/02\/loghabiterDate.jpg\" alt=\"\" class=\"wp-image-529\" style=\"aspect-ratio:1.0710313253998298;width:240px;height:auto\" srcset=\"https:\/\/sites.ensfea.fr\/reflexanim\/wp-content\/uploads\/sites\/24\/2026\/02\/loghabiterDate.jpg 799w, https:\/\/sites.ensfea.fr\/reflexanim\/wp-content\/uploads\/sites\/24\/2026\/02\/loghabiterDate-300x280.jpg 300w, https:\/\/sites.ensfea.fr\/reflexanim\/wp-content\/uploads\/sites\/24\/2026\/02\/loghabiterDate-768x717.jpg 768w\" sizes=\"auto, (max-width: 706px) 89vw, (max-width: 767px) 82vw, 740px\" \/><\/a><\/figure>\n<\/div>\n<\/div>\n\n\n\n<p><\/p>\n","protected":false},"excerpt":{"rendered":"<p>Des forum r\u00e9gionaux et un forum national. La mise en relation des ALESA se construit petit \u00e0 petit. Dynamiser la vie associative, constituer des parcours d&rsquo;engagement, favoriser les \u00e9changes directs entre jeunes \u00e9lu.e.s , tels sont les objectifs de cette action initi\u00e9e par la DGER et mise en \u0153uvre par le r\u00e9seau CMA (Cultures, M\u00e9dias, &hellip; <\/p>\n<p class=\"link-more\"><a href=\"https:\/\/sites.ensfea.fr\/reflexanim\/2026\/02\/09\/forum-alesa-2025-2026\/\" class=\"more-link\">Continuer la lecture<span class=\"screen-reader-text\"> de &laquo;&nbsp;Forum ALESA 2025-2026&nbsp;&raquo;<\/span><\/a><\/p>\n","protected":false},"author":18,"featured_media":0,"comment_status":"open","ping_status":"open","sticky":false,"template":"","format":"standard","meta":{"_uag_custom_page_level_css":"","footnotes":""},"categories":[1],"tags":[],"class_list":["post-523","post","type-post","status-publish","format-standard","hentry","category-non-classe"],"uagb_featured_image_src":{"full":false,"thumbnail":false,"medium":false,"medium_large":false,"large":false,"1536x1536":false,"2048x2048":false,"twentyseventeen-featured-image":false,"twentyseventeen-thumbnail-avatar":false},"uagb_author_info":{"display_name":"Francis Gaillard","author_link":"https:\/\/sites.ensfea.fr\/reflexanim\/author\/fgaillard\/"},"uagb_comment_info":0,"uagb_excerpt":"Des forum r\u00e9gionaux et un forum national. La mise en relation des ALESA se construit petit \u00e0 petit. Dynamiser la vie associative, constituer des parcours d&rsquo;engagement, favoriser les \u00e9changes directs entre jeunes \u00e9lu.e.s , tels sont les objectifs de cette action initi\u00e9e par la DGER et mise en \u0153uvre par le r\u00e9seau CMA (Cultures, M\u00e9dias,\u2026","_links":{"self":[{"href":"https:\/\/sites.ensfea.fr\/reflexanim\/wp-json\/wp\/v2\/posts\/523","targetHints":{"allow":["GET"]}}],"collection":[{"href":"https:\/\/sites.ensfea.fr\/reflexanim\/wp-json\/wp\/v2\/posts"}],"about":[{"href":"https:\/\/sites.ensfea.fr\/reflexanim\/wp-json\/wp\/v2\/types\/post"}],"author":[{"embeddable":true,"href":"https:\/\/sites.ensfea.fr\/reflexanim\/wp-json\/wp\/v2\/users\/18"}],"replies":[{"embeddable":true,"href":"https:\/\/sites.ensfea.fr\/reflexanim\/wp-json\/wp\/v2\/comments?post=523"}],"version-history":[{"count":14,"href":"https:\/\/sites.ensfea.fr\/reflexanim\/wp-json\/wp\/v2\/posts\/523\/revisions"}],"predecessor-version":[{"id":532,"href":"https:\/\/sites.ensfea.fr\/reflexanim\/wp-json\/wp\/v2\/posts\/523\/revisions\/532"}],"wp:attachment":[{"href":"https:\/\/sites.ensfea.fr\/reflexanim\/wp-json\/wp\/v2\/media?parent=523"}],"wp:term":[{"taxonomy":"category","embeddable":true,"href":"https:\/\/sites.ensfea.fr\/reflexanim\/wp-json\/wp\/v2\/categories?post=523"},{"taxonomy":"post_tag","embeddable":true,"href":"https:\/\/sites.ensfea.fr\/reflexanim\/wp-json\/wp\/v2\/tags?post=523"}],"curies":[{"name":"wp","href":"https:\/\/api.w.org\/{rel}","templated":true}]}}